{"id":11967,"date":"2023-08-25T14:19:23","date_gmt":"2023-08-25T20:19:23","guid":{"rendered":"https:\/\/lagencemx.com\/?p=11967"},"modified":"2023-08-25T15:11:40","modified_gmt":"2023-08-25T21:11:40","slug":"aerolineas-confirman-fecha-inicio-de-operacion-aeropuerto-tulum","status":"publish","type":"post","link":"https:\/\/lagencemx.com\/es\/blog\/news\/aerolineas-confirman-fecha-inicio-de-operacion-aeropuerto-tulum\/","title":{"rendered":"Aerolineas confirman fecha de inicio de operaci\u00f3n en el Nuevo Aeropuerto Internacional de Tulum"},"content":{"rendered":"<div class=\"group w-full text-token-text-primary border-b border-black\/10 dark:border-gray-900\/50 bg-gray-50 dark:bg-[#444654]\">\n<div class=\"flex p-4 gap-4 text-base md:gap-6 md:max-w-2xl lg:max-w-[38rem] xl:max-w-3xl md:py-6 lg:px-0 m-auto\">\n<div class=\"relative flex w-[calc(100%-50px)] flex-col gap-1 md:gap-3 lg:w-[calc(100%-115px)]\">\n<div class=\"flex flex-grow flex-col gap-3 max-w-full\">\n<div class=\"min-h-[20px] flex flex-col items-start gap-3 overflow-x-auto whitespace-pre-wrap break-words\">\n<div class=\"markdown prose w-full break-words dark:prose-invert light AIPRM__conversation__response\">\n<div class=\"group w-full text-token-text-primary border-b border-black\/10 dark:border-gray-900\/50 bg-gray-50 dark:bg-[#444654]\">\n<div class=\"flex p-4 gap-4 text-base md:gap-6 md:max-w-2xl lg:max-w-[38rem] xl:max-w-3xl md:py-6 lg:px-0 m-auto\">\n<div class=\"relative flex w-[calc(100%-50px)] flex-col gap-1 md:gap-3 lg:w-[calc(100%-115px)]\">\n<div class=\"flex flex-grow flex-col gap-3 max-w-full\">\n<div class=\"min-h-[20px] flex flex-col items-start gap-3 overflow-x-auto whitespace-pre-wrap break-words\">\n<div class=\"markdown prose w-full break-words dark:prose-invert light AIPRM__conversation__response\">\n<p>El paradis\u00edaco destino de Tulum, famoso por sus playas de aguas cristalinas y ruinas mayas impresionantes, est\u00e1 listo para recibir un impulso en su conectividad gracias al pronto inicio de operaci\u00f3n del Nuevo Aeropuerto Internacional de Tulum. Esta emocionante noticia marca un hito en el desarrollo tur\u00edstico de la regi\u00f3n, y dos de las principales aerol\u00edneas de M\u00e9xico, Viva Aerob\u00fas y AeroM\u00e9xico, ya han anunciado sus planes para incluir rutas hacia este destino a partir del 1 de diciembre.<\/p>\n<h2><strong>Viva Aerob\u00fas y AeroM\u00e9xico: Nuevas Rutas a Tulum desde el 1 de diciembre<\/strong><\/h2>\n<p>Viva Aerob\u00fas y AeroM\u00e9xico, dos de las aerol\u00edneas m\u00e1s reconocidas de M\u00e9xico, han dado un paso al frente al confirmar la inclusi\u00f3n de rutas hacia Tulum en su red de vuelos. A partir del 1 de diciembre, los viajeros podr\u00e1n disfrutar de la comodidad y conveniencia de volar directamente hacia este popular destino. Esta decisi\u00f3n no solo beneficiar\u00e1 a los viajeros que buscan explorar las bellezas naturales y culturales de Tulum, sino que tambi\u00e9n impulsar\u00e1 el turismo y la econom\u00eda local.<\/p>\n<figure id=\"attachment_11977\" aria-describedby=\"caption-attachment-11977\" style=\"width: 350px\" class=\"wp-caption aligncenter\"><img fetchpriority=\"high\" decoding=\"async\" class=\"size-medium wp-image-11977\" src=\"https:\/\/lagencemx.com\/wp-content\/uploads\/2023\/08\/tulum-viva-aerobus-350x348.jpg\" alt=\"Destino Tulum Viva aerobus \" width=\"350\" height=\"348\" srcset=\"\/\/lagencemx.com\/wp-content\/uploads\/2023\/08\/tulum-viva-aerobus-350x348.jpg 350w, \/\/lagencemx.com\/wp-content\/uploads\/2023\/08\/tulum-viva-aerobus-150x150.jpg 150w, \/\/lagencemx.com\/wp-content\/uploads\/2023\/08\/tulum-viva-aerobus-12x12.jpg 12w, \/\/lagencemx.com\/wp-content\/uploads\/2023\/08\/tulum-viva-aerobus.jpg 455w\" sizes=\"(max-width: 350px) 100vw, 350px\" \/><figcaption id=\"caption-attachment-11977\" class=\"wp-caption-text\">Nuevo Destino Viva Aerobus: Tulum<\/figcaption><\/figure>\n<figure id=\"attachment_11978\" aria-describedby=\"caption-attachment-11978\" style=\"width: 350px\" class=\"wp-caption aligncenter\"><img decoding=\"async\" class=\"wp-image-11978 size-medium\" src=\"https:\/\/lagencemx.com\/wp-content\/uploads\/2023\/08\/tulum-aeromexico-350x350.jpg\" alt=\"Aeromexico volara al aeropuerto internacional de Tulum \" width=\"350\" height=\"350\" srcset=\"\/\/lagencemx.com\/wp-content\/uploads\/2023\/08\/tulum-aeromexico-350x350.jpg 350w, \/\/lagencemx.com\/wp-content\/uploads\/2023\/08\/tulum-aeromexico-150x150.jpg 150w, \/\/lagencemx.com\/wp-content\/uploads\/2023\/08\/tulum-aeromexico-12x12.jpg 12w, \/\/lagencemx.com\/wp-content\/uploads\/2023\/08\/tulum-aeromexico-500x500.jpg 500w, \/\/lagencemx.com\/wp-content\/uploads\/2023\/08\/tulum-aeromexico.jpg 545w\" sizes=\"(max-width: 350px) 100vw, 350px\" \/><figcaption id=\"caption-attachment-11978\" class=\"wp-caption-text\">Aeromexico volar\u00e1 al Aeropuerto internacional de Tulum<\/figcaption><\/figure>\n<\/div>\n<div class=\"markdown prose w-full break-words dark:prose-invert light AIPRM__conversation__response\">\n<h2><strong>Tulum Base Secundaria de Mexicana de Aviaci\u00f3n: Fortaleciendo la Conexi\u00f3n A\u00e9rea<\/strong><\/h2>\n<p>En un emocionante anuncio realizado en la conferencia de prensa matutina, Luis Cresencio Sandoval, Secretario de la Defensa Nacional (Sedena), comparti\u00f3 la noticia sobre la Tulum Base Secundaria de Mexicana de Aviaci\u00f3n. Despu\u00e9s de la adquisici\u00f3n de la ic\u00f3nica marca Mexicana de Aviaci\u00f3n, el Aeropuerto Internacional de Tulum y el Aeropuerto Internacional Felipe \u00c1ngeles se convertir\u00e1n en bases principales de esta nueva aerol\u00ednea respaldada por el Estado Mexicano.<\/p>\n<p>La Base Secundaria de Mexicana de Aviaci\u00f3n en Tulum tiene como objetivo fortalecer la conectividad a\u00e9rea en la regi\u00f3n, permitiendo que m\u00e1s personas accedan a las maravillas de Tulum y sus alrededores. Esta estrat\u00e9gica decisi\u00f3n no solo ampliar\u00e1 las opciones de viaje, sino que tambi\u00e9n generar\u00e1 oportunidades econ\u00f3micas para la comunidad local al fomentar el turismo y el comercio.<\/p>\n<h2><strong>Tulum, un destino a punto de transformarse<\/strong><\/h2>\n<p>La confirmaci\u00f3n del Nuevo Aeropuerto Internacional de Tulum como destino y centro de operaciones para varias aerol\u00edneas es una excelente noticia para los amantes de los viajes y la exploraci\u00f3n. Con la inclusi\u00f3n de rutas por parte de Viva Aerob\u00fas y AeroM\u00e9xico, as\u00ed como la emocionante iniciativa de Base Secundaria de Mexicana de Aviaci\u00f3n en Tulum, el futuro de la conectividad a\u00e9rea en la regi\u00f3n se ve prometedor. Este nuevo cap\u00edtulo en la historia de Tulum seguramente atraer\u00e1 a m\u00e1s visitantes deseosos de descubrir las maravillas que este destino tiene para ofrecer. \u00a1Prep\u00e1rate para despegar hacia nuevas aventuras en Tulum!<\/p>\n<\/div>\n<p>Para m\u00e1s informaci\u00f3n lee nuestro art\u00edculo sobre el <span style=\"text-decoration: underline;\"><a href=\"https:\/\/lagencemx.com\/blog\/turismo\/nuevo-aeropuerto-tulum-ubicacion-conectividad-crecimiento\/\">Aeropuerto de Tulum, su ubicaci\u00f3n y conectividad<\/a><\/span>.<\/p>\n<\/div>\n<\/div>\n<\/div>\n<\/div>\n<\/div>\n<div class=\"group w-full text-token-text-primary border-b border-black\/10 dark:border-gray-900\/50 bg-gray-50 dark:bg-[#444654]\">\n<div class=\"flex p-4 gap-4 text-base md:gap-6 md:max-w-2xl lg:max-w-[38rem] xl:max-w-3xl md:py-6 lg:px-0 m-auto\">\n<div class=\"relative flex w-[calc(100%-50px)] flex-col gap-1 md:gap-3 lg:w-[calc(100%-115px)]\">\n<div class=\"flex flex-grow flex-col gap-3 max-w-full\">\n<div class=\"min-h-[20px] flex flex-col items-start gap-3 overflow-x-auto whitespace-pre-wrap break-words\">\n<div class=\"markdown prose w-full break-words dark:prose-invert light AIPRM__conversation__response\">\n<h2><strong>Preguntas Frecuentes<\/strong><\/h2>\n<p><strong>1. \u00bfCu\u00e1ndo estar\u00e1 operativo el Nuevo Aeropuerto Internacional de Tulum?<\/strong> Aunque actualmente se encuentra en construcci\u00f3n, se espera que el inicio de operaci\u00f3n del Nuevo Aeropuerto Internacional de Tulum sea a finales del 2023 en Diciembre. Mantente atento a los comunicados oficiales para conocer la fecha exacta de apertura.<\/p>\n<p><strong>2. \u00bfCu\u00e1les son las aerol\u00edneas que han confirmado rutas a Tulum?<\/strong> Hasta el momento, Viva Aerob\u00fas y AeroM\u00e9xico han anunciado sus planes para operar rutas hacia Tulum a partir del 1 de diciembre. Estas aerol\u00edneas ofrecer\u00e1n opciones de vuelo para viajeros interesados en explorar este destino. Adicionalmente Mexicana de Aviaci\u00f3n tendr\u00e1 Tulum como base secundaria.<\/p>\n<p><strong>3. \u00bfPor qu\u00e9 Tulum ser\u00e1 la Base Secundaria de Mexicana de Aviaci\u00f3n?<\/strong> La ubicaci\u00f3n de la Base Secundaria de Mexicana de Aviaci\u00f3n en Tulum es parte de la estrategia de la nueva aerol\u00ednea respaldada por el Estado Mexicano, despu\u00e9s de la adquisici\u00f3n de la marca. Este centro de operaciones fortalecer\u00e1 la conectividad a\u00e9rea en la regi\u00f3n y ofrecer\u00e1 m\u00e1s opciones de viaje hacia y desde Tulum, a nivel nacional favorecer\u00e1 la accesibilidad y brindar\u00e1 precios competitivos en el mercado.<\/p>\n<p><strong>4. \u00bfCu\u00e1les son los beneficios de esta expansi\u00f3n a\u00e9rea para Tulum?<\/strong> La expansi\u00f3n de las operaciones a\u00e9reas en Tulum traer\u00e1 consigo una serie de beneficios. Adem\u00e1s de ofrecer m\u00e1s opciones de vuelos para los viajeros, estimular\u00e1 el turismo y la econom\u00eda local al hacer que la regi\u00f3n sea m\u00e1s accesible y atractiva para los visitantes nacionales e internacionales.<\/p>\n<p><strong>5. \u00bfC\u00f3mo puedo reservar vuelos hacia Tulum a trav\u00e9s de Viva Aerob\u00fas y AeroM\u00e9xico?<\/strong> Podr\u00e1s reservar vuelos hacia Tulum a trav\u00e9s de los sitios web oficiales de Viva Aerob\u00fas y AeroM\u00e9xico, as\u00ed como utilizando plataformas de reserva en l\u00ednea y agencias de viaje.<\/p>\n<\/div>\n<p><em>Si est\u00e1s buscando la propiedad de tus sue\u00f1os u oportunidades de inversi\u00f3n no dudes en conocer <a href=\"https:\/\/lagencemx.com\/es\/nuestras-propiedades\/\">nuestras propiedades<\/a> o si requieres una asesor\u00eda personalizada de alguno de nuestros asesores inmobiliarios <a href=\"https:\/\/lagencemx.com\/es\/contacto\/\">cont\u00e1ctanos<\/a>, estar\u00edamos encantados poder formar parte de tu aventura!<\/em><\/p>\n<\/div>\n<\/div>\n<\/div>\n<\/div>\n<\/div>\n<\/div>\n<\/div>\n<\/div>\n<\/div>\n<\/div>\n<\/div>\n<div class=\"group w-full text-token-text-primary border-b border-black\/10 dark:border-gray-900\/50 bg-gray-50 dark:bg-[#444654]\">\n<div class=\"flex p-4 gap-4 text-base md:gap-6 md:max-w-2xl lg:max-w-[38rem] xl:max-w-3xl md:py-6 lg:px-0 m-auto\">\n<div class=\"relative flex w-[calc(100%-50px)] flex-col gap-1 md:gap-3 lg:w-[calc(100%-115px)]\">\n<div class=\"flex flex-grow flex-col gap-3 max-w-full\">\n<div class=\"min-h-[20px] flex flex-col items-start gap-3 overflow-x-auto whitespace-pre-wrap break-words\">\n<p><em>Somos <a href=\"https:\/\/lagencemx.com\/es\/quienes-somos\/\">L<\/a>\u2018agence by <a href=\"https:\/\/lossocios.mx\/\">Los Socios<\/a>, agencia inmobiliaria enfocada en los beneficios de sus clientes.<\/em><\/p>\n<\/div>\n<\/div>\n<\/div>\n<\/div>\n<\/div>\n","protected":false},"excerpt":{"rendered":"<p>El paradis\u00edaco destino de Tulum, famoso por sus playas de aguas cristalinas y ruinas mayas impresionantes, est\u00e1 listo para recibir un impulso en su conectividad gracias al pronto inicio de operaci\u00f3n del Nuevo Aeropuerto Internacional de Tulum. Esta emocionante noticia marca un hito en el desarrollo tur\u00edstico de la regi\u00f3n, y dos de las principales [&hellip;]<\/p>\n","protected":false},"author":8,"featured_media":11972,"comment_status":"open","ping_status":"open","sticky":false,"template":"","format":"standard","meta":{"footnotes":""},"categories":[55],"tags":[63],"class_list":["post-11967","post","type-post","status-publish","format-standard","has-post-thumbnail","hentry","category-news","tag-aeropuerto-tulum"],"acf":[],"yoast_head":"<!-- This site is optimized with the Yoast SEO plugin v21.7 - https:\/\/yoast.com\/wordpress\/plugins\/seo\/ -->\n<title>Inicio de Operaci\u00f3n - Nuevo Aeropuerto Internacional de Tulum - L&#039;agence by Los Socios<\/title>\n<meta name=\"description\" content=\"\u00a1Gran noticia! Aerol\u00edneas confirman fecha de inicio de operaciones en el Nuevo Aeropuerto Internacional de Tulum. Descubre m\u00e1s.\" \/>\n<meta name=\"robots\" content=\"index, follow, max-snippet:-1, max-image-preview:large, max-video-preview:-1\" \/>\n<link rel=\"canonical\" href=\"https:\/\/lagencemx.com\/es\/blog\/news\/aerolineas-confirman-fecha-inicio-de-operacion-aeropuerto-tulum\/\" \/>\n<meta property=\"og:locale\" content=\"es_ES\" \/>\n<meta property=\"og:type\" content=\"article\" \/>\n<meta property=\"og:title\" content=\"Inicio de Operaci\u00f3n - Nuevo Aeropuerto Internacional de Tulum - L&#039;agence by Los Socios\" \/>\n<meta property=\"og:description\" content=\"\u00a1Gran noticia! Aerol\u00edneas confirman fecha de inicio de operaciones en el Nuevo Aeropuerto Internacional de Tulum. Descubre m\u00e1s.\" \/>\n<meta property=\"og:url\" content=\"https:\/\/lagencemx.com\/es\/blog\/news\/aerolineas-confirman-fecha-inicio-de-operacion-aeropuerto-tulum\/\" \/>\n<meta property=\"og:site_name\" content=\"L&#039;agence by Los Socios\" \/>\n<meta property=\"article:publisher\" content=\"https:\/\/www.facebook.com\/lagencebylossocios\/\" \/>\n<meta property=\"article:published_time\" content=\"2023-08-25T20:19:23+00:00\" \/>\n<meta property=\"article:modified_time\" content=\"2023-08-25T21:11:40+00:00\" \/>\n<meta property=\"og:image\" content=\"https:\/\/lagencemx.com\/wp-content\/uploads\/2023\/08\/aeropuerto-internacional-de-tulum.jpg\" \/>\n\t<meta property=\"og:image:width\" content=\"1920\" \/>\n\t<meta property=\"og:image:height\" content=\"910\" \/>\n\t<meta property=\"og:image:type\" content=\"image\/jpeg\" \/>\n<meta name=\"author\" content=\"L&#039;agence by Los Socios\" \/>\n<meta name=\"twitter:card\" content=\"summary_large_image\" \/>\n<meta name=\"twitter:label1\" content=\"Escrito por\" \/>\n\t<meta name=\"twitter:data1\" content=\"L'agence by Los Socios\" \/>\n\t<meta name=\"twitter:label2\" content=\"Tiempo de lectura\" \/>\n\t<meta name=\"twitter:data2\" content=\"5 minutos\" \/>\n<script type=\"application\/ld+json\" class=\"yoast-schema-graph\">{\"@context\":\"https:\/\/schema.org\",\"@graph\":[{\"@type\":[\"Article\",\"BlogPosting\"],\"@id\":\"https:\/\/lagencemx.com\/blog\/news\/aerolineas-confirman-fecha-inicio-de-operacion-aeropuerto-tulum\/#article\",\"isPartOf\":{\"@id\":\"https:\/\/lagencemx.com\/blog\/news\/aerolineas-confirman-fecha-inicio-de-operacion-aeropuerto-tulum\/\"},\"author\":{\"name\":\"L'agence by Los Socios\",\"@id\":\"https:\/\/lagencemx.com\/#\/schema\/person\/603d4738c4000b251a40d3c6eb7e3e88\"},\"headline\":\"Aerolineas confirman fecha de inicio de operaci\u00f3n en el Nuevo Aeropuerto Internacional de Tulum\",\"datePublished\":\"2023-08-25T20:19:23+00:00\",\"dateModified\":\"2023-08-25T21:11:40+00:00\",\"mainEntityOfPage\":{\"@id\":\"https:\/\/lagencemx.com\/blog\/news\/aerolineas-confirman-fecha-inicio-de-operacion-aeropuerto-tulum\/\"},\"wordCount\":902,\"commentCount\":0,\"publisher\":{\"@id\":\"https:\/\/lagencemx.com\/#organization\"},\"keywords\":[\"Aeropuerto Tulum\"],\"articleSection\":[\"Noticias\"],\"inLanguage\":\"es\",\"potentialAction\":[{\"@type\":\"CommentAction\",\"name\":\"Comment\",\"target\":[\"https:\/\/lagencemx.com\/blog\/news\/aerolineas-confirman-fecha-inicio-de-operacion-aeropuerto-tulum\/#respond\"]}]},{\"@type\":[\"WebPage\",\"ItemPage\"],\"@id\":\"https:\/\/lagencemx.com\/blog\/news\/aerolineas-confirman-fecha-inicio-de-operacion-aeropuerto-tulum\/\",\"url\":\"https:\/\/lagencemx.com\/blog\/news\/aerolineas-confirman-fecha-inicio-de-operacion-aeropuerto-tulum\/\",\"name\":\"Inicio de Operaci\u00f3n - Nuevo Aeropuerto Internacional de Tulum - L&#039;agence by Los Socios\",\"isPartOf\":{\"@id\":\"https:\/\/lagencemx.com\/#website\"},\"datePublished\":\"2023-08-25T20:19:23+00:00\",\"dateModified\":\"2023-08-25T21:11:40+00:00\",\"description\":\"\u00a1Gran noticia! Aerol\u00edneas confirman fecha de inicio de operaciones en el Nuevo Aeropuerto Internacional de Tulum. Descubre m\u00e1s.\",\"breadcrumb\":{\"@id\":\"https:\/\/lagencemx.com\/blog\/news\/aerolineas-confirman-fecha-inicio-de-operacion-aeropuerto-tulum\/#breadcrumb\"},\"inLanguage\":\"es\",\"potentialAction\":[{\"@type\":\"ReadAction\",\"target\":[\"https:\/\/lagencemx.com\/blog\/news\/aerolineas-confirman-fecha-inicio-de-operacion-aeropuerto-tulum\/\"]}]},{\"@type\":\"BreadcrumbList\",\"@id\":\"https:\/\/lagencemx.com\/blog\/news\/aerolineas-confirman-fecha-inicio-de-operacion-aeropuerto-tulum\/#breadcrumb\",\"itemListElement\":[{\"@type\":\"ListItem\",\"position\":1,\"name\":\"Portada\",\"item\":\"https:\/\/lagencemx.com\/es\/\"},{\"@type\":\"ListItem\",\"position\":2,\"name\":\"Aerolineas confirman fecha de inicio de operaci\u00f3n en el Nuevo Aeropuerto Internacional de Tulum\"}]},{\"@type\":\"WebSite\",\"@id\":\"https:\/\/lagencemx.com\/#website\",\"url\":\"https:\/\/lagencemx.com\/\",\"name\":\"L'agence by Los Socios\",\"description\":\"Bienes Ra\u00edces de Lujo en la Riviera Maya\",\"publisher\":{\"@id\":\"https:\/\/lagencemx.com\/#organization\"},\"potentialAction\":[{\"@type\":\"SearchAction\",\"target\":{\"@type\":\"EntryPoint\",\"urlTemplate\":\"https:\/\/lagencemx.com\/?s={search_term_string}\"},\"query-input\":\"required name=search_term_string\"}],\"inLanguage\":\"es\"},{\"@type\":\"Organization\",\"@id\":\"https:\/\/lagencemx.com\/#organization\",\"name\":\"L'agence by Los Socios\",\"alternateName\":\"L'agence\",\"url\":\"https:\/\/lagencemx.com\/\",\"logo\":{\"@type\":\"ImageObject\",\"inLanguage\":\"es\",\"@id\":\"https:\/\/lagencemx.com\/#\/schema\/logo\/image\/\",\"url\":\"https:\/\/lagencemx.com\/wp-content\/uploads\/2023\/04\/l-agence-by-los-socios.jpg\",\"contentUrl\":\"https:\/\/lagencemx.com\/wp-content\/uploads\/2023\/04\/l-agence-by-los-socios.jpg\",\"width\":792,\"height\":612,\"caption\":\"L'agence by Los Socios\"},\"image\":{\"@id\":\"https:\/\/lagencemx.com\/#\/schema\/logo\/image\/\"},\"sameAs\":[\"https:\/\/www.facebook.com\/lagencebylossocios\/\",\"https:\/\/www.instagram.com\/lagence_mx\/\",\"https:\/\/www.instagram.com\/lossocios_lifestyle\/\"]},{\"@type\":\"Person\",\"@id\":\"https:\/\/lagencemx.com\/#\/schema\/person\/603d4738c4000b251a40d3c6eb7e3e88\",\"name\":\"L'agence by Los Socios\",\"image\":{\"@type\":\"ImageObject\",\"inLanguage\":\"es\",\"@id\":\"https:\/\/lagencemx.com\/#\/schema\/person\/image\/\",\"url\":\"https:\/\/secure.gravatar.com\/avatar\/d9e6cdab49ff0d92642684b61007973f5ac762eef2cc942649055078d6592bd8?s=96&d=mm&r=g\",\"contentUrl\":\"https:\/\/secure.gravatar.com\/avatar\/d9e6cdab49ff0d92642684b61007973f5ac762eef2cc942649055078d6592bd8?s=96&d=mm&r=g\",\"caption\":\"L'agence by Los Socios\"}}]}<\/script>\n<!-- \/ Yoast SEO plugin. -->","yoast_head_json":{"title":"Inicio de Operaci\u00f3n - Nuevo Aeropuerto Internacional de Tulum - L&#039;agence by Los Socios","description":"\u00a1Gran noticia! Aerol\u00edneas confirman fecha de inicio de operaciones en el Nuevo Aeropuerto Internacional de Tulum. Descubre m\u00e1s.","robots":{"index":"index","follow":"follow","max-snippet":"max-snippet:-1","max-image-preview":"max-image-preview:large","max-video-preview":"max-video-preview:-1"},"canonical":"https:\/\/lagencemx.com\/es\/blog\/news\/aerolineas-confirman-fecha-inicio-de-operacion-aeropuerto-tulum\/","og_locale":"es_ES","og_type":"article","og_title":"Inicio de Operaci\u00f3n - Nuevo Aeropuerto Internacional de Tulum - L&#039;agence by Los Socios","og_description":"\u00a1Gran noticia! Aerol\u00edneas confirman fecha de inicio de operaciones en el Nuevo Aeropuerto Internacional de Tulum. Descubre m\u00e1s.","og_url":"https:\/\/lagencemx.com\/es\/blog\/news\/aerolineas-confirman-fecha-inicio-de-operacion-aeropuerto-tulum\/","og_site_name":"L&#039;agence by Los Socios","article_publisher":"https:\/\/www.facebook.com\/lagencebylossocios\/","article_published_time":"2023-08-25T20:19:23+00:00","article_modified_time":"2023-08-25T21:11:40+00:00","og_image":[{"width":1920,"height":910,"url":"https:\/\/lagencemx.com\/wp-content\/uploads\/2023\/08\/aeropuerto-internacional-de-tulum.jpg","type":"image\/jpeg"}],"author":"L'agence by Los Socios","twitter_card":"summary_large_image","twitter_misc":{"Escrito por":"L'agence by Los Socios","Tiempo de lectura":"5 minutos"},"schema":{"@context":"https:\/\/schema.org","@graph":[{"@type":["Article","BlogPosting"],"@id":"https:\/\/lagencemx.com\/blog\/news\/aerolineas-confirman-fecha-inicio-de-operacion-aeropuerto-tulum\/#article","isPartOf":{"@id":"https:\/\/lagencemx.com\/blog\/news\/aerolineas-confirman-fecha-inicio-de-operacion-aeropuerto-tulum\/"},"author":{"name":"L'agence by Los Socios","@id":"https:\/\/lagencemx.com\/#\/schema\/person\/603d4738c4000b251a40d3c6eb7e3e88"},"headline":"Aerolineas confirman fecha de inicio de operaci\u00f3n en el Nuevo Aeropuerto Internacional de Tulum","datePublished":"2023-08-25T20:19:23+00:00","dateModified":"2023-08-25T21:11:40+00:00","mainEntityOfPage":{"@id":"https:\/\/lagencemx.com\/blog\/news\/aerolineas-confirman-fecha-inicio-de-operacion-aeropuerto-tulum\/"},"wordCount":902,"commentCount":0,"publisher":{"@id":"https:\/\/lagencemx.com\/#organization"},"keywords":["Aeropuerto Tulum"],"articleSection":["Noticias"],"inLanguage":"es","potentialAction":[{"@type":"CommentAction","name":"Comment","target":["https:\/\/lagencemx.com\/blog\/news\/aerolineas-confirman-fecha-inicio-de-operacion-aeropuerto-tulum\/#respond"]}]},{"@type":["WebPage","ItemPage"],"@id":"https:\/\/lagencemx.com\/blog\/news\/aerolineas-confirman-fecha-inicio-de-operacion-aeropuerto-tulum\/","url":"https:\/\/lagencemx.com\/blog\/news\/aerolineas-confirman-fecha-inicio-de-operacion-aeropuerto-tulum\/","name":"Inicio de Operaci\u00f3n - Nuevo Aeropuerto Internacional de Tulum - L&#039;agence by Los Socios","isPartOf":{"@id":"https:\/\/lagencemx.com\/#website"},"datePublished":"2023-08-25T20:19:23+00:00","dateModified":"2023-08-25T21:11:40+00:00","description":"\u00a1Gran noticia! Aerol\u00edneas confirman fecha de inicio de operaciones en el Nuevo Aeropuerto Internacional de Tulum. Descubre m\u00e1s.","breadcrumb":{"@id":"https:\/\/lagencemx.com\/blog\/news\/aerolineas-confirman-fecha-inicio-de-operacion-aeropuerto-tulum\/#breadcrumb"},"inLanguage":"es","potentialAction":[{"@type":"ReadAction","target":["https:\/\/lagencemx.com\/blog\/news\/aerolineas-confirman-fecha-inicio-de-operacion-aeropuerto-tulum\/"]}]},{"@type":"BreadcrumbList","@id":"https:\/\/lagencemx.com\/blog\/news\/aerolineas-confirman-fecha-inicio-de-operacion-aeropuerto-tulum\/#breadcrumb","itemListElement":[{"@type":"ListItem","position":1,"name":"Portada","item":"https:\/\/lagencemx.com\/es\/"},{"@type":"ListItem","position":2,"name":"Aerolineas confirman fecha de inicio de operaci\u00f3n en el Nuevo Aeropuerto Internacional de Tulum"}]},{"@type":"WebSite","@id":"https:\/\/lagencemx.com\/#website","url":"https:\/\/lagencemx.com\/","name":"L'agence by Los Socios","description":"Bienes Ra\u00edces de Lujo en la Riviera Maya","publisher":{"@id":"https:\/\/lagencemx.com\/#organization"},"potentialAction":[{"@type":"SearchAction","target":{"@type":"EntryPoint","urlTemplate":"https:\/\/lagencemx.com\/?s={search_term_string}"},"query-input":"required name=search_term_string"}],"inLanguage":"es"},{"@type":"Organization","@id":"https:\/\/lagencemx.com\/#organization","name":"L'agence by Los Socios","alternateName":"L'agence","url":"https:\/\/lagencemx.com\/","logo":{"@type":"ImageObject","inLanguage":"es","@id":"https:\/\/lagencemx.com\/#\/schema\/logo\/image\/","url":"https:\/\/lagencemx.com\/wp-content\/uploads\/2023\/04\/l-agence-by-los-socios.jpg","contentUrl":"https:\/\/lagencemx.com\/wp-content\/uploads\/2023\/04\/l-agence-by-los-socios.jpg","width":792,"height":612,"caption":"L'agence by Los Socios"},"image":{"@id":"https:\/\/lagencemx.com\/#\/schema\/logo\/image\/"},"sameAs":["https:\/\/www.facebook.com\/lagencebylossocios\/","https:\/\/www.instagram.com\/lagence_mx\/","https:\/\/www.instagram.com\/lossocios_lifestyle\/"]},{"@type":"Person","@id":"https:\/\/lagencemx.com\/#\/schema\/person\/603d4738c4000b251a40d3c6eb7e3e88","name":"L'agence by Los Socios","image":{"@type":"ImageObject","inLanguage":"es","@id":"https:\/\/lagencemx.com\/#\/schema\/person\/image\/","url":"https:\/\/secure.gravatar.com\/avatar\/d9e6cdab49ff0d92642684b61007973f5ac762eef2cc942649055078d6592bd8?s=96&d=mm&r=g","contentUrl":"https:\/\/secure.gravatar.com\/avatar\/d9e6cdab49ff0d92642684b61007973f5ac762eef2cc942649055078d6592bd8?s=96&d=mm&r=g","caption":"L'agence by Los Socios"}}]}},"_links":{"self":[{"href":"https:\/\/lagencemx.com\/es\/wp-json\/wp\/v2\/posts\/11967","targetHints":{"allow":["GET"]}}],"collection":[{"href":"https:\/\/lagencemx.com\/es\/wp-json\/wp\/v2\/posts"}],"about":[{"href":"https:\/\/lagencemx.com\/es\/wp-json\/wp\/v2\/types\/post"}],"author":[{"embeddable":true,"href":"https:\/\/lagencemx.com\/es\/wp-json\/wp\/v2\/users\/8"}],"replies":[{"embeddable":true,"href":"https:\/\/lagencemx.com\/es\/wp-json\/wp\/v2\/comments?post=11967"}],"version-history":[{"count":0,"href":"https:\/\/lagencemx.com\/es\/wp-json\/wp\/v2\/posts\/11967\/revisions"}],"wp:featuredmedia":[{"embeddable":true,"href":"https:\/\/lagencemx.com\/es\/wp-json\/wp\/v2\/media\/11972"}],"wp:attachment":[{"href":"https:\/\/lagencemx.com\/es\/wp-json\/wp\/v2\/media?parent=11967"}],"wp:term":[{"taxonomy":"category","embeddable":true,"href":"https:\/\/lagencemx.com\/es\/wp-json\/wp\/v2\/categories?post=11967"},{"taxonomy":"post_tag","embeddable":true,"href":"https:\/\/lagencemx.com\/es\/wp-json\/wp\/v2\/tags?post=11967"}],"curies":[{"name":"wp","href":"https:\/\/api.w.org\/{rel}","templated":true}]}}